{"id":1118,"date":"2026-08-24T11:48:53","date_gmt":"2026-08-24T12:48:53","guid":{"rendered":"https:\/\/socialdevelopmenthub.org\/?p=1118"},"modified":"2026-08-24T12:07:11","modified_gmt":"2026-08-24T13:07:11","slug":"susana-integra-comunidade-de-pratica-da-africa-ocidental-da-youth-for-africa","status":"publish","type":"post","link":"https:\/\/socialdevelopmenthub.org\/en\/2026\/08\/24\/susana-integra-comunidade-de-pratica-da-africa-ocidental-da-youth-for-africa\/","title":{"rendered":"Susana integra Comunidade de Pr\u00e1tica da \u00c1frica Ocidental da Youth for Africa"},"content":{"rendered":"<figure class=\"wp-block-image size-large\"><img fetchpriority=\"high\" decoding=\"async\" width=\"1022\" height=\"1024\" src=\"https:\/\/socialdevelopmenthub.org\/wp-content\/uploads\/2026\/08\/582341350_17889373512385319_5913733431087667932_n-1022x1024.jpg\" alt=\"\" class=\"wp-image-1119\" srcset=\"https:\/\/socialdevelopmenthub.org\/wp-content\/uploads\/2026\/08\/582341350_17889373512385319_5913733431087667932_n-1022x1024.jpg 1022w, https:\/\/socialdevelopmenthub.org\/wp-content\/uploads\/2026\/08\/582341350_17889373512385319_5913733431087667932_n-300x300.jpg 300w, https:\/\/socialdevelopmenthub.org\/wp-content\/uploads\/2026\/08\/582341350_17889373512385319_5913733431087667932_n-150x150.jpg 150w, https:\/\/socialdevelopmenthub.org\/wp-content\/uploads\/2026\/08\/582341350_17889373512385319_5913733431087667932_n-768x769.jpg 768w, https:\/\/socialdevelopmenthub.org\/wp-content\/uploads\/2026\/08\/582341350_17889373512385319_5913733431087667932_n-12x12.jpg 12w, https:\/\/socialdevelopmenthub.org\/wp-content\/uploads\/2026\/08\/582341350_17889373512385319_5913733431087667932_n.jpg 1078w\" sizes=\"(max-width: 1022px) 100vw, 1022px\" \/><\/figure>\n\n\n\n<p class=\"wp-block-paragraph\">A <strong>Presidente da Social Development Hub (SDH), Susana<\/strong>, foi selecionada para integrar a <strong>Comunidade de Pr\u00e1tica da \u00c1frica Ocidental da Youth for Africa<\/strong>, uma oportunidade que refor\u00e7a a participa\u00e7\u00e3o da organiza\u00e7\u00e3o nos espa\u00e7os regionais de di\u00e1logo, coopera\u00e7\u00e3o e desenvolvimento.<\/p>\n\n\n\n<p class=\"wp-block-paragraph\">A integra\u00e7\u00e3o nesta Comunidade de Pr\u00e1tica representa um reconhecimento do percurso desenvolvido pela Susana e pelo trabalho da SDH, mas, sobretudo, uma <strong>nova oportunidade para fortalecer as redes regionais da organiza\u00e7\u00e3o e ampliar a sua capacidade de colabora\u00e7\u00e3o e interven\u00e7\u00e3o<\/strong>.<\/p>\n\n\n\n<p class=\"wp-block-paragraph\">No \u00e2mbito desta comunidade, Susana participar\u00e1 em processos de <strong>partilha de conhecimentos e experi\u00eancias, desenvolvimento de iniciativas conjuntas, advocacia regional e participa\u00e7\u00e3o nos processos de pol\u00edticas p\u00fablicas<\/strong>, em articula\u00e7\u00e3o com outros membros e organiza\u00e7\u00f5es da \u00c1frica Ocidental.<\/p>\n\n\n\n<p class=\"wp-block-paragraph\">Para a SDH, esta participa\u00e7\u00e3o permitir\u00e1 acompanhar e contribuir para debates sobre os desafios e prioridades da regi\u00e3o, ao mesmo tempo que abre espa\u00e7o para <strong>novas parcerias, iniciativas conjuntas e oportunidades de coopera\u00e7\u00e3o<\/strong> entre organiza\u00e7\u00f5es e atores da sociedade civil.<\/p>\n\n\n\n<p class=\"wp-block-paragraph\">Esta integra\u00e7\u00e3o est\u00e1 alinhada com o compromisso da Social Development Hub de fortalecer a sua atua\u00e7\u00e3o para al\u00e9m do contexto nacional e contribuir para processos que promovam um desenvolvimento mais <strong>inclusivo, participativo e sustent\u00e1vel na \u00c1frica Ocidental<\/strong>.<\/p>","protected":false},"excerpt":{"rendered":"<p>A Presidente da Social Development Hub (SDH), Susana, foi selecionada para integrar a Comunidade de Pr\u00e1tica da \u00c1frica Ocidental da Youth for Africa, uma oportunidade que refor\u00e7a a participa\u00e7\u00e3o da organiza\u00e7\u00e3o nos espa\u00e7os regionais de di\u00e1logo, coopera\u00e7\u00e3o e desenvolvimento.<\/p>","protected":false},"author":44,"featured_media":1121,"comment_status":"closed","ping_status":"open","sticky":false,"template":"","format":"standard","meta":{"neve_meta_sidebar":"","neve_meta_container":"","neve_meta_enable_content_width":"","neve_meta_content_width":0,"neve_meta_title_alignment":"","neve_meta_author_avatar":"","neve_post_elements_order":"","neve_meta_disable_header":"","neve_meta_disable_footer":"","neve_meta_disable_title":"","neve_meta_reading_time":"","_themeisle_gutenberg_block_has_review":false,"footnotes":""},"categories":[1],"tags":[],"class_list":["post-1118","post","type-post","status-publish","format-standard","has-post-thumbnail","hentry","category-noticias"],"_links":{"self":[{"href":"https:\/\/socialdevelopmenthub.org\/en\/wp-json\/wp\/v2\/posts\/1118","targetHints":{"allow":["GET"]}}],"collection":[{"href":"https:\/\/socialdevelopmenthub.org\/en\/wp-json\/wp\/v2\/posts"}],"about":[{"href":"https:\/\/socialdevelopmenthub.org\/en\/wp-json\/wp\/v2\/types\/post"}],"author":[{"embeddable":true,"href":"https:\/\/socialdevelopmenthub.org\/en\/wp-json\/wp\/v2\/users\/44"}],"replies":[{"embeddable":true,"href":"https:\/\/socialdevelopmenthub.org\/en\/wp-json\/wp\/v2\/comments?post=1118"}],"version-history":[{"count":1,"href":"https:\/\/socialdevelopmenthub.org\/en\/wp-json\/wp\/v2\/posts\/1118\/revisions"}],"predecessor-version":[{"id":1120,"href":"https:\/\/socialdevelopmenthub.org\/en\/wp-json\/wp\/v2\/posts\/1118\/revisions\/1120"}],"wp:featuredmedia":[{"embeddable":true,"href":"https:\/\/socialdevelopmenthub.org\/en\/wp-json\/wp\/v2\/media\/1121"}],"wp:attachment":[{"href":"https:\/\/socialdevelopmenthub.org\/en\/wp-json\/wp\/v2\/media?parent=1118"}],"wp:term":[{"taxonomy":"category","embeddable":true,"href":"https:\/\/socialdevelopmenthub.org\/en\/wp-json\/wp\/v2\/categories?post=1118"},{"taxonomy":"post_tag","embeddable":true,"href":"https:\/\/socialdevelopmenthub.org\/en\/wp-json\/wp\/v2\/tags?post=1118"}],"curies":[{"name":"wp","href":"https:\/\/api.w.org\/{rel}","templated":true}]}}