{"id":293,"date":"2025-03-20T09:25:00","date_gmt":"2025-03-20T10:25:00","guid":{"rendered":"https:\/\/socialdevelopmenthub.org\/?p=293"},"modified":"2025-07-13T09:30:22","modified_gmt":"2025-07-13T10:30:22","slug":"fortalecer-saberes-para-fortalecer-redes","status":"publish","type":"post","link":"https:\/\/socialdevelopmenthub.org\/en\/2025\/03\/20\/fortalecer-saberes-para-fortalecer-redes\/","title":{"rendered":"Strengthen Knowledge to Strengthen Networks"},"content":{"rendered":"<h2 class=\"wp-block-heading\"><strong>SDH team participates in training on the Sustainable Development Goals.<\/strong><\/h2>\n\n\n\n<p>On the day <strong>March 19, 2025<\/strong>, a <strong>Social Development Hub (SDH)<\/strong> had the honor of <strong>co-organize<\/strong> a training session on the <strong>Sustainable Development Goals (SDGs)<\/strong>, facilitated by the facilitator <strong>Z\u00e9lia Rodrigues<\/strong>, specialist in education for development and sustainability at the BIC (Business Incubation Center) facilities.<\/p>\n\n\n<div class=\"wp-block-image\">\n<figure class=\"alignright size-large is-resized\"><img loading=\"lazy\" decoding=\"async\" width=\"1024\" height=\"1024\" src=\"https:\/\/socialdevelopmenthub.org\/wp-content\/uploads\/2025\/07\/SGD-17-1024x1024.jpg\" alt=\"\" class=\"wp-image-297\" style=\"width:389px;height:auto\" srcset=\"https:\/\/socialdevelopmenthub.org\/wp-content\/uploads\/2025\/07\/SGD-17-1024x1024.jpg 1024w, https:\/\/socialdevelopmenthub.org\/wp-content\/uploads\/2025\/07\/SGD-17-300x300.jpg 300w, https:\/\/socialdevelopmenthub.org\/wp-content\/uploads\/2025\/07\/SGD-17-150x150.jpg 150w, https:\/\/socialdevelopmenthub.org\/wp-content\/uploads\/2025\/07\/SGD-17-768x768.jpg 768w, https:\/\/socialdevelopmenthub.org\/wp-content\/uploads\/2025\/07\/SGD-17.jpg 1080w\" sizes=\"auto, (max-width: 1024px) 100vw, 1024px\" \/><\/figure>\n<\/div>\n\n\n<p>The training brought together members of our team, representatives of civil society organizations, and other agents of change for in-depth reflection on the... <strong>17 SDGs<\/strong> and its applicability in the Cape Verdean context. Throughout the session, strategies for integrating the principles of <strong>Agenda 2030<\/strong> in local actions, with an emphasis on promoting social justice, gender equality, inclusion, climate action and transformative partnerships.<\/p>\n\n\n\n<p>This initiative marked <strong>Another concrete step in the construction and structuring of the SDH.<\/strong>, reaffirming our mission to drive <strong>collaboration networks<\/strong> among organizations committed to sustainable development.<\/p>\n\n\n\n<p>We believe that shared knowledge and dialogue are essential drivers of change. Therefore, co-organizing this training event was, for us, <strong>a clear expression of our commitment to continuous training, cooperation and collective action.<\/strong>.<\/p>\n\n\n\n<figure class=\"wp-block-image size-large\"><img loading=\"lazy\" decoding=\"async\" width=\"1024\" height=\"492\" src=\"https:\/\/socialdevelopmenthub.org\/wp-content\/uploads\/2025\/03\/formacao-SGDs-1024x492.jpg\" alt=\"\" class=\"wp-image-301\" srcset=\"https:\/\/socialdevelopmenthub.org\/wp-content\/uploads\/2025\/03\/formacao-SGDs-1024x492.jpg 1024w, https:\/\/socialdevelopmenthub.org\/wp-content\/uploads\/2025\/03\/formacao-SGDs-300x144.jpg 300w, https:\/\/socialdevelopmenthub.org\/wp-content\/uploads\/2025\/03\/formacao-SGDs-768x369.jpg 768w, https:\/\/socialdevelopmenthub.org\/wp-content\/uploads\/2025\/03\/formacao-SGDs.jpg 1080w\" sizes=\"auto, (max-width: 1024px) 100vw, 1024px\" \/><\/figure>\n\n\n\n<p>We remain firm in our aim to <strong>Building bridges, aligning global goals with local realities.<\/strong> and create a community of practice that transforms ideas into impact.<\/p>","protected":false},"excerpt":{"rendered":"<p>Equipa da SDH participa em forma\u00e7\u00e3o sobre os Objetivos de Desenvolvimento Sustent\u00e1vel No dia 19 de mar\u00e7o de 2025, a Social Development Hub (SDH) teve a honra de coorganizar uma sess\u00e3o formativa sobre os Objetivos de Desenvolvimento Sustent\u00e1vel (ODS), dinamizada pela facilitadora Z\u00e9lia Rodrigues, especialista em educa\u00e7\u00e3o para o desenvolvimento e sustentabilidade nas instala\u00e7\u00f5es do&hellip;&nbsp;<\/p>","protected":false},"author":1,"featured_media":301,"comment_status":"closed","ping_status":"open","sticky":false,"template":"","format":"standard","meta":{"neve_meta_sidebar":"","neve_meta_container":"","neve_meta_enable_content_width":"","neve_meta_content_width":0,"neve_meta_title_alignment":"","neve_meta_author_avatar":"","neve_post_elements_order":"","neve_meta_disable_header":"","neve_meta_disable_footer":"","neve_meta_disable_title":"","neve_meta_reading_time":"","_themeisle_gutenberg_block_has_review":false,"footnotes":""},"categories":[1],"tags":[],"class_list":["post-293","post","type-post","status-publish","format-standard","has-post-thumbnail","hentry","category-noticias"],"_links":{"self":[{"href":"https:\/\/socialdevelopmenthub.org\/en\/wp-json\/wp\/v2\/posts\/293","targetHints":{"allow":["GET"]}}],"collection":[{"href":"https:\/\/socialdevelopmenthub.org\/en\/wp-json\/wp\/v2\/posts"}],"about":[{"href":"https:\/\/socialdevelopmenthub.org\/en\/wp-json\/wp\/v2\/types\/post"}],"author":[{"embeddable":true,"href":"https:\/\/socialdevelopmenthub.org\/en\/wp-json\/wp\/v2\/users\/1"}],"replies":[{"embeddable":true,"href":"https:\/\/socialdevelopmenthub.org\/en\/wp-json\/wp\/v2\/comments?post=293"}],"version-history":[{"count":4,"href":"https:\/\/socialdevelopmenthub.org\/en\/wp-json\/wp\/v2\/posts\/293\/revisions"}],"predecessor-version":[{"id":302,"href":"https:\/\/socialdevelopmenthub.org\/en\/wp-json\/wp\/v2\/posts\/293\/revisions\/302"}],"wp:featuredmedia":[{"embeddable":true,"href":"https:\/\/socialdevelopmenthub.org\/en\/wp-json\/wp\/v2\/media\/301"}],"wp:attachment":[{"href":"https:\/\/socialdevelopmenthub.org\/en\/wp-json\/wp\/v2\/media?parent=293"}],"wp:term":[{"taxonomy":"category","embeddable":true,"href":"https:\/\/socialdevelopmenthub.org\/en\/wp-json\/wp\/v2\/categories?post=293"},{"taxonomy":"post_tag","embeddable":true,"href":"https:\/\/socialdevelopmenthub.org\/en\/wp-json\/wp\/v2\/tags?post=293"}],"curies":[{"name":"wp","href":"https:\/\/api.w.org\/{rel}","templated":true}]}}