{"id":558,"date":"2025-11-04T09:48:45","date_gmt":"2025-11-04T10:48:45","guid":{"rendered":"https:\/\/socialdevelopmenthub.org\/?p=558"},"modified":"2025-11-04T09:49:01","modified_gmt":"2025-11-04T10:49:01","slug":"lancamento-da-academia-social-marca-nova-era-de-capacitacao-para-lideres-e-organizacoes-da-sociedade-civil","status":"publish","type":"post","link":"https:\/\/socialdevelopmenthub.org\/en\/2025\/11\/04\/lancamento-da-academia-social-marca-nova-era-de-capacitacao-para-lideres-e-organizacoes-da-sociedade-civil\/","title":{"rendered":"Launch of the Social Academy marks a new era of training for leaders and civil society organisations"},"content":{"rendered":"<figure class=\"wp-block-image size-large\"><img loading=\"lazy\" decoding=\"async\" width=\"1024\" height=\"723\" src=\"https:\/\/socialdevelopmenthub.org\/wp-content\/uploads\/2025\/11\/Acad_Social-convite-1024x723.jpg\" alt=\"\" class=\"wp-image-559\" srcset=\"https:\/\/socialdevelopmenthub.org\/wp-content\/uploads\/2025\/11\/Acad_Social-convite-1024x723.jpg 1024w, https:\/\/socialdevelopmenthub.org\/wp-content\/uploads\/2025\/11\/Acad_Social-convite-300x212.jpg 300w, https:\/\/socialdevelopmenthub.org\/wp-content\/uploads\/2025\/11\/Acad_Social-convite-768x542.jpg 768w, https:\/\/socialdevelopmenthub.org\/wp-content\/uploads\/2025\/11\/Acad_Social-convite.jpg 1280w\" sizes=\"auto, (max-width: 1024px) 100vw, 1024px\" \/><\/figure>\n\n\n\n<p>The Social Development Hub (SDH) and the representation of the Unified Central of<br>Favelas in Cape Verde, in partnership with Uni-Piaget, will hold an event on the 4th of<br>November, Tuesday, at 11 am, the official launch of the Social Academy,<br>an innovative, free-access digital platform that aims to empower<br>social leaders, technicians and civil society organizations with skills<br>Strategic, technical, and human resources, strengthening the social impact ecosystem.<br>in Cape Verde and in the diaspora.<br>The Social Academy was created as a virtual school for continuous learning.<br>and collaborative, designed to meet the needs of<br>Professionalization and sustainability of non-profit organizations. The<br>This project is the first step towards disseminating knowledge in the areas...<br>Key operational principles of Civil Society Organizations. The first courses<br>The features to be introduced on the platform will be in the areas of Organizational Management,<br>Social Entrepreneurship, Innovation, Fundraising, Good Governance,<br>Transparency and Protection of Minors.<br>\u201c&quot;The Social Development Hub is also a non-profit organization and<br>Therefore, he understands what the biggest challenges are in the social sector. It was with<br>That is the intention behind launching this Social Academy, in order to improve<br>to empower organizational leaders to increase their<br>capacity for impact. When any of these organizations creates<br>&quot;With this impact, the whole society benefits,&quot; emphasizes Susana Duarte, President of<br>Management of the Social Development Hub.<br>The launch event will be streamed live on Facebook pages.<br>from Uni-Piaget and SDH, and on the Social Development Hub YouTube channel,<br>and it will be a session explaining the concept of the Social Academy, together<br>with its main stakeholders:<\/p>\n\n\n\n<ul class=\"wp-block-list\">\n<li>Susana Duarte, President of the Board of Directors of SDH and CUFA Cabo Verde<\/li>\n\n\n\n<li>Leonardo Cunha, Secretary-General of the SDH<\/li>\n\n\n\n<li>Orlando Mascarenhas, President of the General Assembly<\/li>\n\n\n\n<li>Professor Djeniffer Ramos, representative of Jean Piaget University,<br>SDH&#039;s academic partner.<br>The launch also celebrates International Favela Day, promoted to<br>globally recognized by CUFA \u2013 Central \u00danica das Favelas and its more than 70<br>representations, in order to reinforce the joint commitment with the<br>Inclusion, social innovation, and sustainable human development.<br>About the Social Development Hub (SDH)<\/li>\n<\/ul>\n\n\n\n<p><\/p>","protected":false},"excerpt":{"rendered":"<p>A Social Development Hub (SDH) e a representa\u00e7\u00e3o da Central \u00danica dasFavelas em Cabo Verde, em parceria com a Uni-Piaget, realizam no dia 4 denovembro, ter\u00e7a-feira, \u00e0s 11 horas, o lan\u00e7amento oficial da Academia Social,uma plataforma digital de acesso gratuito, inovadora que visa capacitarl\u00edderes sociais, t\u00e9cnicos e organiza\u00e7\u00f5es da sociedade civil com compet\u00eanciasestrat\u00e9gicas, t\u00e9cnicas e&hellip;&nbsp;<\/p>","protected":false},"author":2,"featured_media":559,"comment_status":"open","ping_status":"open","sticky":false,"template":"","format":"standard","meta":{"neve_meta_sidebar":"","neve_meta_container":"","neve_meta_enable_content_width":"","neve_meta_content_width":0,"neve_meta_title_alignment":"","neve_meta_author_avatar":"","neve_post_elements_order":"","neve_meta_disable_header":"","neve_meta_disable_footer":"","neve_meta_disable_title":"","neve_meta_reading_time":"","_themeisle_gutenberg_block_has_review":false,"footnotes":""},"categories":[1],"tags":[],"class_list":["post-558","post","type-post","status-publish","format-standard","has-post-thumbnail","hentry","category-noticias"],"_links":{"self":[{"href":"https:\/\/socialdevelopmenthub.org\/en\/wp-json\/wp\/v2\/posts\/558","targetHints":{"allow":["GET"]}}],"collection":[{"href":"https:\/\/socialdevelopmenthub.org\/en\/wp-json\/wp\/v2\/posts"}],"about":[{"href":"https:\/\/socialdevelopmenthub.org\/en\/wp-json\/wp\/v2\/types\/post"}],"author":[{"embeddable":true,"href":"https:\/\/socialdevelopmenthub.org\/en\/wp-json\/wp\/v2\/users\/2"}],"replies":[{"embeddable":true,"href":"https:\/\/socialdevelopmenthub.org\/en\/wp-json\/wp\/v2\/comments?post=558"}],"version-history":[{"count":2,"href":"https:\/\/socialdevelopmenthub.org\/en\/wp-json\/wp\/v2\/posts\/558\/revisions"}],"predecessor-version":[{"id":561,"href":"https:\/\/socialdevelopmenthub.org\/en\/wp-json\/wp\/v2\/posts\/558\/revisions\/561"}],"wp:featuredmedia":[{"embeddable":true,"href":"https:\/\/socialdevelopmenthub.org\/en\/wp-json\/wp\/v2\/media\/559"}],"wp:attachment":[{"href":"https:\/\/socialdevelopmenthub.org\/en\/wp-json\/wp\/v2\/media?parent=558"}],"wp:term":[{"taxonomy":"category","embeddable":true,"href":"https:\/\/socialdevelopmenthub.org\/en\/wp-json\/wp\/v2\/categories?post=558"},{"taxonomy":"post_tag","embeddable":true,"href":"https:\/\/socialdevelopmenthub.org\/en\/wp-json\/wp\/v2\/tags?post=558"}],"curies":[{"name":"wp","href":"https:\/\/api.w.org\/{rel}","templated":true}]}}