{"id":800,"date":"2026-02-24T11:09:30","date_gmt":"2026-02-24T12:09:30","guid":{"rendered":"https:\/\/socialdevelopmenthub.org\/?p=800"},"modified":"2026-03-20T12:11:30","modified_gmt":"2026-03-20T13:11:30","slug":"lideres-locais-reforcam-projecto-safebook-horizons-na-promocao-da-seguranca-juvenil","status":"publish","type":"post","link":"https:\/\/socialdevelopmenthub.org\/en\/2026\/02\/24\/lideres-locais-reforcam-projecto-safebook-horizons-na-promocao-da-seguranca-juvenil\/","title":{"rendered":"Local leaders reinforce the Safebook Horizons Project in promoting youth safety."},"content":{"rendered":"<p>As part of the implementation of the Safebook Horizons \u2013 New Methodologies in Youth Work project, co-financed by the Erasmus+ Youth program, the Social Development Hub selected local organizations that will facilitate capacity building in the impact areas targeting young people from various local communities, promoting a culture of safety. <\/p>\n\n\n\n<figure class=\"wp-block-image size-large\"><img loading=\"lazy\" decoding=\"async\" width=\"1024\" height=\"576\" src=\"https:\/\/socialdevelopmenthub.org\/wp-content\/uploads\/2026\/02\/IMG_20260217_114256_980-1-1024x576.jpg\" alt=\"\" class=\"wp-image-803\" srcset=\"https:\/\/socialdevelopmenthub.org\/wp-content\/uploads\/2026\/02\/IMG_20260217_114256_980-1-1024x576.jpg 1024w, https:\/\/socialdevelopmenthub.org\/wp-content\/uploads\/2026\/02\/IMG_20260217_114256_980-1-300x169.jpg 300w, https:\/\/socialdevelopmenthub.org\/wp-content\/uploads\/2026\/02\/IMG_20260217_114256_980-1-768x432.jpg 768w, https:\/\/socialdevelopmenthub.org\/wp-content\/uploads\/2026\/02\/IMG_20260217_114256_980-1-1536x864.jpg 1536w, https:\/\/socialdevelopmenthub.org\/wp-content\/uploads\/2026\/02\/IMG_20260217_114256_980-1-18x10.jpg 18w, https:\/\/socialdevelopmenthub.org\/wp-content\/uploads\/2026\/02\/IMG_20260217_114256_980-1.jpg 1920w\" sizes=\"auto, (max-width: 1024px) 100vw, 1024px\" \/><\/figure>\n\n\n\n<p>Community leaders Carlos Tavares, from the Maracan\u00e3 Association, Fidel Mendon\u00e7a, from the Fidel Mendon\u00e7a Foundation, and Edmilson Garcia from the Achada Grande Tr\u00e1s Football School Association (EFAT), will have the opportunity to participate in training that will take place in Serbia in August, promoting the development of the skills proposed by the Safebook Horizons concept. <\/p>\n\n\n\n<figure class=\"wp-block-gallery has-nested-images columns-default is-cropped wp-block-gallery-1 is-layout-flex wp-block-gallery-is-layout-flex\">\n<figure class=\"wp-block-image size-large\"><img loading=\"lazy\" decoding=\"async\" width=\"1024\" height=\"461\" data-id=\"864\" src=\"https:\/\/socialdevelopmenthub.org\/wp-content\/uploads\/2026\/02\/WhatsApp-Image-2026-03-20-at-12.08.11-1024x461.jpeg\" alt=\"\" class=\"wp-image-864\" srcset=\"https:\/\/socialdevelopmenthub.org\/wp-content\/uploads\/2026\/02\/WhatsApp-Image-2026-03-20-at-12.08.11-1024x461.jpeg 1024w, https:\/\/socialdevelopmenthub.org\/wp-content\/uploads\/2026\/02\/WhatsApp-Image-2026-03-20-at-12.08.11-300x135.jpeg 300w, https:\/\/socialdevelopmenthub.org\/wp-content\/uploads\/2026\/02\/WhatsApp-Image-2026-03-20-at-12.08.11-768x346.jpeg 768w, https:\/\/socialdevelopmenthub.org\/wp-content\/uploads\/2026\/02\/WhatsApp-Image-2026-03-20-at-12.08.11-1536x692.jpeg 1536w, https:\/\/socialdevelopmenthub.org\/wp-content\/uploads\/2026\/02\/WhatsApp-Image-2026-03-20-at-12.08.11.jpeg 1599w\" sizes=\"auto, (max-width: 1024px) 100vw, 1024px\" \/><\/figure>\n<\/figure>\n\n\n\n<figure class=\"wp-block-image size-large\"><img loading=\"lazy\" decoding=\"async\" width=\"819\" height=\"1024\" src=\"https:\/\/socialdevelopmenthub.org\/wp-content\/uploads\/2026\/02\/WhatsApp-Image-2026-02-24-at-10.38.27-819x1024.jpeg\" alt=\"\" class=\"wp-image-807\" srcset=\"https:\/\/socialdevelopmenthub.org\/wp-content\/uploads\/2026\/02\/WhatsApp-Image-2026-02-24-at-10.38.27-819x1024.jpeg 819w, https:\/\/socialdevelopmenthub.org\/wp-content\/uploads\/2026\/02\/WhatsApp-Image-2026-02-24-at-10.38.27-240x300.jpeg 240w, https:\/\/socialdevelopmenthub.org\/wp-content\/uploads\/2026\/02\/WhatsApp-Image-2026-02-24-at-10.38.27-768x960.jpeg 768w, https:\/\/socialdevelopmenthub.org\/wp-content\/uploads\/2026\/02\/WhatsApp-Image-2026-02-24-at-10.38.27-10x12.jpeg 10w, https:\/\/socialdevelopmenthub.org\/wp-content\/uploads\/2026\/02\/WhatsApp-Image-2026-02-24-at-10.38.27.jpeg 1080w\" sizes=\"auto, (max-width: 819px) 100vw, 819px\" \/><\/figure>\n\n\n\n<p>As entities certified by the Comunidade365 program, their selection was justified by the fact that they represent organizations with good governance and youth community impact. <\/p>\n\n\n\n<figure class=\"wp-block-gallery has-nested-images columns-default is-cropped wp-block-gallery-2 is-layout-flex wp-block-gallery-is-layout-flex\"><\/figure>","protected":false},"excerpt":{"rendered":"<p>As part of the implementation of the Safebook Horizons \u2013 New Methodologies in Youth Work project, co-financed by the Erasmus+ Youth program, the Social Development Hub selected local organizations that will facilitate capacity building in the impact areas targeting young people from various local communities, promoting a culture of safety.<\/p>","protected":false},"author":44,"featured_media":801,"comment_status":"closed","ping_status":"open","sticky":false,"template":"","format":"standard","meta":{"neve_meta_sidebar":"","neve_meta_container":"","neve_meta_enable_content_width":"","neve_meta_content_width":0,"neve_meta_title_alignment":"","neve_meta_author_avatar":"","neve_post_elements_order":"","neve_meta_disable_header":"","neve_meta_disable_footer":"","neve_meta_disable_title":"","neve_meta_reading_time":"","_themeisle_gutenberg_block_has_review":false,"footnotes":""},"categories":[1],"tags":[],"class_list":["post-800","post","type-post","status-publish","format-standard","has-post-thumbnail","hentry","category-noticias"],"_links":{"self":[{"href":"https:\/\/socialdevelopmenthub.org\/en\/wp-json\/wp\/v2\/posts\/800","targetHints":{"allow":["GET"]}}],"collection":[{"href":"https:\/\/socialdevelopmenthub.org\/en\/wp-json\/wp\/v2\/posts"}],"about":[{"href":"https:\/\/socialdevelopmenthub.org\/en\/wp-json\/wp\/v2\/types\/post"}],"author":[{"embeddable":true,"href":"https:\/\/socialdevelopmenthub.org\/en\/wp-json\/wp\/v2\/users\/44"}],"replies":[{"embeddable":true,"href":"https:\/\/socialdevelopmenthub.org\/en\/wp-json\/wp\/v2\/comments?post=800"}],"version-history":[{"count":7,"href":"https:\/\/socialdevelopmenthub.org\/en\/wp-json\/wp\/v2\/posts\/800\/revisions"}],"predecessor-version":[{"id":865,"href":"https:\/\/socialdevelopmenthub.org\/en\/wp-json\/wp\/v2\/posts\/800\/revisions\/865"}],"wp:featuredmedia":[{"embeddable":true,"href":"https:\/\/socialdevelopmenthub.org\/en\/wp-json\/wp\/v2\/media\/801"}],"wp:attachment":[{"href":"https:\/\/socialdevelopmenthub.org\/en\/wp-json\/wp\/v2\/media?parent=800"}],"wp:term":[{"taxonomy":"category","embeddable":true,"href":"https:\/\/socialdevelopmenthub.org\/en\/wp-json\/wp\/v2\/categories?post=800"},{"taxonomy":"post_tag","embeddable":true,"href":"https:\/\/socialdevelopmenthub.org\/en\/wp-json\/wp\/v2\/tags?post=800"}],"curies":[{"name":"wp","href":"https:\/\/api.w.org\/{rel}","templated":true}]}}